{"id":12574,"date":"2014-03-06T15:31:53","date_gmt":"2014-03-06T14:31:53","guid":{"rendered":"https:\/\/haica.tn\/?p=12574"},"modified":"2020-05-14T15:33:39","modified_gmt":"2020-05-14T13:33:39","slug":"la-haica-lance-son-portail-officiel-sur-internet","status":"publish","type":"post","link":"https:\/\/haica.tn\/fr\/la-haica-lance-son-portail-officiel-sur-internet\/","title":{"rendered":"la HAICA lance son portail officiel sur internet"},"content":{"rendered":"<p>[vc_row rt_row_background_width=\u00a0\u00bbfullwidth\u00a0\u00bb rt_row_content_width=\u00a0\u00bbdefault\u00a0\u00bb rt_row_style=\u00a0\u00bbdefault-style\u00a0\u00bb rt_row_height=\u00a0\u00bb\u00a0\u00bb rt_column_gaps=\u00a0\u00bb\u00a0\u00bb rt_row_shadows=\u00a0\u00bb\u00a0\u00bb rt_row_borders=\u00a0\u00bb\u00a0\u00bb rt_bg_effect=\u00a0\u00bbclassic\u00a0\u00bb rt_bg_image_repeat=\u00a0\u00bbrepeat\u00a0\u00bb rt_bg_size=\u00a0\u00bbcover\u00a0\u00bb rt_bg_position=\u00a0\u00bbright top\u00a0\u00bb rt_bg_attachment=\u00a0\u00bbscroll\u00a0\u00bb rt_bg_layer=\u00a0\u00bb\u00a0\u00bb rt_bg_video_format=\u00a0\u00bbself-hosted\u00a0\u00bb][vc_column rt_bg_effect=\u00a0\u00bbclassic\u00a0\u00bb rt_bg_image_repeat=\u00a0\u00bbrepeat\u00a0\u00bb rt_bg_size=\u00a0\u00bbauto auto\u00a0\u00bb rt_bg_position=\u00a0\u00bbright top\u00a0\u00bb rt_bg_attachment=\u00a0\u00bbscroll\u00a0\u00bb][vc_column_text]<img loading=\"lazy\" class=\"size-full wp-image-12576 aligncenter\" src=\"https:\/\/haica.tn\/wp-content\/uploads\/2020\/05\/IMG_1238-257x300.jpg\" alt=\"\" width=\"257\" height=\"300\" srcset=\"https:\/\/haica.tn\/wp-content\/uploads\/2020\/05\/IMG_1238-257x300.jpg 257w, https:\/\/haica.tn\/wp-content\/uploads\/2020\/05\/IMG_1238-257x300-128x150.jpg 128w\" sizes=\"(max-width: 257px) 100vw, 257px\" \/><\/p>\n<p>La Haute Autorit\u00e9 Ind\u00e9pendante\u00a0 de la Communication Audiovisuelle a annonc\u00e9\u00a0 le jeudi 6 mars 2014, au cours d\u2019une conf\u00e9rence de presse consacr\u00e9e aux cahiers des charges des radios et TV priv\u00e9es et associatives , le lancement de son portail officiel\u00a0<a href=\"http:\/\/www.haica.tn\/\">www.haica.tn<\/a>. Ce projet du portail de la HAICA constitue l\u2019une des assises fondamentales pour l\u2019\u00e9tablissement d\u2019une maille de communication active, continue et renouvelable entre l\u2019Autorit\u00e9 et son environnement ext\u00e9rieur et pour prendre connaissance des diff\u00e9rentes activit\u00e9s et investir dans la technologie de l\u2019information au service du secteur audiovisuel. Le portail de la HAICA fournira \u00e9galement plusieurs services \u00e9lectroniques , dont le\u00a0 t\u00e9l\u00e9chargement\u00a0 des cahiers des charges relatifs aux stations de radio et de t\u00e9l\u00e9vision priv\u00e9es et associatives.[\/vc_column_text][\/vc_column][\/vc_row]<\/p>\n","protected":false},"excerpt":{"rendered":"<p>[vc_row rt_row_background_width=\u00a0\u00bbfullwidth\u00a0\u00bb rt_row_content_width=\u00a0\u00bbdefault\u00a0\u00bb rt_row_style=\u00a0\u00bbdefault-style\u00a0\u00bb rt_row_height=\u00a0\u00bb\u00a0\u00bb rt_column_gaps=\u00a0\u00bb\u00a0\u00bb rt_row_shadows=\u00a0\u00bb\u00a0\u00bb rt_row_borders=\u00a0\u00bb\u00a0\u00bb rt_bg_effect=\u00a0\u00bbclassic\u00a0\u00bb rt_bg_image_repeat=\u00a0\u00bbrepeat\u00a0\u00bb rt_bg_size=\u00a0\u00bbcover\u00a0\u00bb rt_bg_position=\u00a0\u00bbright top\u00a0\u00bb rt_bg_attachment=\u00a0\u00bbscroll\u00a0\u00bb rt_bg_layer=\u00a0\u00bb\u00a0\u00bb rt_bg_video_format=\u00a0\u00bbself-hosted\u00a0\u00bb][vc_column rt_bg_effect=\u00a0\u00bbclassic\u00a0\u00bb rt_bg_image_repeat=\u00a0\u00bbrepeat\u00a0\u00bb rt_bg_size=\u00a0\u00bbauto auto\u00a0\u00bb rt_bg_position=\u00a0\u00bbright top\u00a0\u00bb rt_bg_attachment=\u00a0\u00bbscroll\u00a0\u00bb][vc_column_text] La Haute Autorit\u00e9 Ind\u00e9pendante\u00a0 de la Communication Audiovisuelle a annonc\u00e9\u00a0 le jeudi 6 mars 2014, au cours d\u2019une conf\u00e9rence de presse consacr\u00e9e aux cahiers des charges des radios et TV priv\u00e9es et [&hellip;]<\/p>\n","protected":false},"author":1,"featured_media":0,"comment_status":"open","ping_status":"open","sticky":false,"template":"","format":"standard","meta":[],"categories":[75],"tags":[],"yoast_head":"<!-- This site is optimized with the Yoast SEO plugin v16.4 - https:\/\/yoast.com\/wordpress\/plugins\/seo\/ -->\n<title>la HAICA lance son portail officiel sur internet - HAICA<\/title>\n<meta name=\"robots\" content=\"index, follow, max-snippet:-1, max-image-preview:large, max-video-preview:-1\" \/>\n<link rel=\"canonical\" href=\"https:\/\/haica.tn\/fr\/la-haica-lance-son-portail-officiel-sur-internet\/\" \/>\n<meta property=\"og:locale\" content=\"fr_FR\" \/>\n<meta property=\"og:type\" content=\"article\" \/>\n<meta property=\"og:title\" content=\"la HAICA lance son portail officiel sur internet - HAICA\" \/>\n<meta property=\"og:description\" content=\"[vc_row rt_row_background_width=\u00a0\u00bbfullwidth\u00a0\u00bb rt_row_content_width=\u00a0\u00bbdefault\u00a0\u00bb rt_row_style=\u00a0\u00bbdefault-style\u00a0\u00bb rt_row_height=\u00a0\u00bb\u00a0\u00bb rt_column_gaps=\u00a0\u00bb\u00a0\u00bb rt_row_shadows=\u00a0\u00bb\u00a0\u00bb rt_row_borders=\u00a0\u00bb\u00a0\u00bb rt_bg_effect=\u00a0\u00bbclassic\u00a0\u00bb rt_bg_image_repeat=\u00a0\u00bbrepeat\u00a0\u00bb rt_bg_size=\u00a0\u00bbcover\u00a0\u00bb rt_bg_position=\u00a0\u00bbright top\u00a0\u00bb rt_bg_attachment=\u00a0\u00bbscroll\u00a0\u00bb rt_bg_layer=\u00a0\u00bb\u00a0\u00bb rt_bg_video_format=\u00a0\u00bbself-hosted\u00a0\u00bb][vc_column rt_bg_effect=\u00a0\u00bbclassic\u00a0\u00bb rt_bg_image_repeat=\u00a0\u00bbrepeat\u00a0\u00bb rt_bg_size=\u00a0\u00bbauto auto\u00a0\u00bb rt_bg_position=\u00a0\u00bbright top\u00a0\u00bb rt_bg_attachment=\u00a0\u00bbscroll\u00a0\u00bb][vc_column_text] La Haute Autorit\u00e9 Ind\u00e9pendante\u00a0 de la Communication Audiovisuelle a annonc\u00e9\u00a0 le jeudi 6 mars 2014, au cours d\u2019une conf\u00e9rence de presse consacr\u00e9e aux cahiers des charges des radios et TV priv\u00e9es et [&hellip;]\" \/>\n<meta property=\"og:url\" content=\"https:\/\/haica.tn\/fr\/la-haica-lance-son-portail-officiel-sur-internet\/\" \/>\n<meta property=\"og:site_name\" content=\"HAICA\" \/>\n<meta property=\"article:published_time\" content=\"2014-03-06T14:31:53+00:00\" \/>\n<meta property=\"article:modified_time\" content=\"2020-05-14T13:33:39+00:00\" \/>\n<meta property=\"og:image\" content=\"https:\/\/dev.wd.tn\/haica\/wp-content\/uploads\/2020\/05\/IMG_1238-257x300.jpg\" \/>\n<meta name=\"twitter:card\" content=\"summary_large_image\" \/>\n<meta name=\"twitter:label1\" content=\"Dur\u00e9e de lecture est.\" \/>\n\t<meta name=\"twitter:data1\" content=\"1 minute\" \/>\n<script type=\"application\/ld+json\" class=\"yoast-schema-graph\">{\"@context\":\"https:\/\/schema.org\",\"@graph\":[{\"@type\":\"WebSite\",\"@id\":\"https:\/\/haica.tn\/ar\/#website\",\"url\":\"https:\/\/haica.tn\/ar\/\",\"name\":\"HAICA\",\"description\":\"R\\u00e9gulateur de la communication audiovisuelle en Tunisie\",\"potentialAction\":[{\"@type\":\"SearchAction\",\"target\":\"https:\/\/haica.tn\/ar\/?s={search_term_string}\",\"query-input\":\"required name=search_term_string\"}],\"inLanguage\":\"fr-FR\"},{\"@type\":\"ImageObject\",\"@id\":\"https:\/\/haica.tn\/fr\/la-haica-lance-son-portail-officiel-sur-internet\/#primaryimage\",\"inLanguage\":\"fr-FR\",\"url\":\"https:\/\/haica.tn\/wp-content\/uploads\/2020\/05\/IMG_1238-257x300.jpg\",\"contentUrl\":\"https:\/\/haica.tn\/wp-content\/uploads\/2020\/05\/IMG_1238-257x300.jpg\"},{\"@type\":\"WebPage\",\"@id\":\"https:\/\/haica.tn\/fr\/la-haica-lance-son-portail-officiel-sur-internet\/#webpage\",\"url\":\"https:\/\/haica.tn\/fr\/la-haica-lance-son-portail-officiel-sur-internet\/\",\"name\":\"la HAICA lance son portail officiel sur internet - HAICA\",\"isPartOf\":{\"@id\":\"https:\/\/haica.tn\/ar\/#website\"},\"primaryImageOfPage\":{\"@id\":\"https:\/\/haica.tn\/fr\/la-haica-lance-son-portail-officiel-sur-internet\/#primaryimage\"},\"datePublished\":\"2014-03-06T14:31:53+00:00\",\"dateModified\":\"2020-05-14T13:33:39+00:00\",\"author\":{\"@id\":\"https:\/\/haica.tn\/ar\/#\/schema\/person\/8fb538532cc2f10f94eae8461e815fdc\"},\"breadcrumb\":{\"@id\":\"https:\/\/haica.tn\/fr\/la-haica-lance-son-portail-officiel-sur-internet\/#breadcrumb\"},\"inLanguage\":\"fr-FR\",\"potentialAction\":[{\"@type\":\"ReadAction\",\"target\":[\"https:\/\/haica.tn\/fr\/la-haica-lance-son-portail-officiel-sur-internet\/\"]}]},{\"@type\":\"BreadcrumbList\",\"@id\":\"https:\/\/haica.tn\/fr\/la-haica-lance-son-portail-officiel-sur-internet\/#breadcrumb\",\"itemListElement\":[{\"@type\":\"ListItem\",\"position\":1,\"item\":{\"@type\":\"WebPage\",\"@id\":\"https:\/\/haica.tn\/fr\/\",\"url\":\"https:\/\/haica.tn\/fr\/\",\"name\":\"Accueil\"}},{\"@type\":\"ListItem\",\"position\":2,\"item\":{\"@id\":\"https:\/\/haica.tn\/fr\/la-haica-lance-son-portail-officiel-sur-internet\/#webpage\"}}]},{\"@type\":\"Person\",\"@id\":\"https:\/\/haica.tn\/ar\/#\/schema\/person\/8fb538532cc2f10f94eae8461e815fdc\",\"name\":\"admin\",\"image\":{\"@type\":\"ImageObject\",\"@id\":\"https:\/\/haica.tn\/ar\/#personlogo\",\"inLanguage\":\"fr-FR\",\"url\":\"https:\/\/secure.gravatar.com\/avatar\/1ee0d8f9a431f67d7bdc7a9c55b36c54?s=96&d=mm&r=g\",\"contentUrl\":\"https:\/\/secure.gravatar.com\/avatar\/1ee0d8f9a431f67d7bdc7a9c55b36c54?s=96&d=mm&r=g\",\"caption\":\"admin\"},\"url\":\"https:\/\/haica.tn\/fr\/author\/admin\/\"}]}<\/script>\n<!-- \/ Yoast SEO plugin. -->","_links":{"self":[{"href":"https:\/\/haica.tn\/fr\/wp-json\/wp\/v2\/posts\/12574"}],"collection":[{"href":"https:\/\/haica.tn\/fr\/wp-json\/wp\/v2\/posts"}],"about":[{"href":"https:\/\/haica.tn\/fr\/wp-json\/wp\/v2\/types\/post"}],"author":[{"embeddable":true,"href":"https:\/\/haica.tn\/fr\/wp-json\/wp\/v2\/users\/1"}],"replies":[{"embeddable":true,"href":"https:\/\/haica.tn\/fr\/wp-json\/wp\/v2\/comments?post=12574"}],"version-history":[{"count":3,"href":"https:\/\/haica.tn\/fr\/wp-json\/wp\/v2\/posts\/12574\/revisions"}],"predecessor-version":[{"id":12578,"href":"https:\/\/haica.tn\/fr\/wp-json\/wp\/v2\/posts\/12574\/revisions\/12578"}],"wp:attachment":[{"href":"https:\/\/haica.tn\/fr\/wp-json\/wp\/v2\/media?parent=12574"}],"wp:term":[{"taxonomy":"category","embeddable":true,"href":"https:\/\/haica.tn\/fr\/wp-json\/wp\/v2\/categories?post=12574"},{"taxonomy":"post_tag","embeddable":true,"href":"https:\/\/haica.tn\/fr\/wp-json\/wp\/v2\/tags?post=12574"}],"curies":[{"name":"wp","href":"https:\/\/api.w.org\/{rel}","templated":true}]}}