{"id":7251,"date":"2014-05-05T09:33:16","date_gmt":"2014-05-05T07:33:16","guid":{"rendered":"https:\/\/haica.tn\/?p=7251"},"modified":"2020-05-07T14:56:16","modified_gmt":"2020-05-07T12:56:16","slug":"couverture-mediatique-guide-de-bonnes-pratiques","status":"publish","type":"post","link":"https:\/\/haica.tn\/fr\/couverture-mediatique-guide-de-bonnes-pratiques\/","title":{"rendered":"Couverture m\u00e9diatique : guide de bonnes pratiques"},"content":{"rendered":"<p>[vc_row rt_row_background_width=\u00a0\u00bbfullwidth\u00a0\u00bb rt_row_content_width=\u00a0\u00bbdefault\u00a0\u00bb rt_row_style=\u00a0\u00bbdefault-style\u00a0\u00bb rt_row_height=\u00a0\u00bb\u00a0\u00bb rt_column_gaps=\u00a0\u00bb\u00a0\u00bb rt_row_shadows=\u00a0\u00bb\u00a0\u00bb rt_row_borders=\u00a0\u00bb\u00a0\u00bb rt_bg_effect=\u00a0\u00bbclassic\u00a0\u00bb rt_bg_image_repeat=\u00a0\u00bbrepeat\u00a0\u00bb rt_bg_size=\u00a0\u00bbcover\u00a0\u00bb rt_bg_position=\u00a0\u00bbright top\u00a0\u00bb rt_bg_attachment=\u00a0\u00bbscroll\u00a0\u00bb rt_bg_layer=\u00a0\u00bb\u00a0\u00bb rt_bg_video_format=\u00a0\u00bbself-hosted\u00a0\u00bb][vc_column rt_bg_effect=\u00a0\u00bbclassic\u00a0\u00bb rt_bg_image_repeat=\u00a0\u00bbrepeat\u00a0\u00bb rt_bg_size=\u00a0\u00bbauto auto\u00a0\u00bb rt_bg_position=\u00a0\u00bbright top\u00a0\u00bb rt_bg_attachment=\u00a0\u00bbscroll\u00a0\u00bb][vc_column_text]Les r\u00e8gles de la couverture m\u00e9diatique pendant la p\u00e9riode \u00e9lectorale l\u00e9gislative conform\u00e9ment \u00e0 la loi \u00e9lectorale et aux textes r\u00e9glementaires.[\/vc_column_text][vc_single_image image=\u00a0\u00bb6542&Prime; img_size=\u00a0\u00bbfull\u00a0\u00bb][\/vc_column][\/vc_row]<\/p>\n","protected":false},"excerpt":{"rendered":"<p>[vc_row rt_row_background_width=\u00a0\u00bbfullwidth\u00a0\u00bb rt_row_content_width=\u00a0\u00bbdefault\u00a0\u00bb rt_row_style=\u00a0\u00bbdefault-style\u00a0\u00bb rt_row_height=\u00a0\u00bb\u00a0\u00bb rt_column_gaps=\u00a0\u00bb\u00a0\u00bb rt_row_shadows=\u00a0\u00bb\u00a0\u00bb rt_row_borders=\u00a0\u00bb\u00a0\u00bb rt_bg_effect=\u00a0\u00bbclassic\u00a0\u00bb rt_bg_image_repeat=\u00a0\u00bbrepeat\u00a0\u00bb rt_bg_size=\u00a0\u00bbcover\u00a0\u00bb rt_bg_position=\u00a0\u00bbright top\u00a0\u00bb rt_bg_attachment=\u00a0\u00bbscroll\u00a0\u00bb rt_bg_layer=\u00a0\u00bb\u00a0\u00bb rt_bg_video_format=\u00a0\u00bbself-hosted\u00a0\u00bb][vc_column rt_bg_effect=\u00a0\u00bbclassic\u00a0\u00bb rt_bg_image_repeat=\u00a0\u00bbrepeat\u00a0\u00bb rt_bg_size=\u00a0\u00bbauto auto\u00a0\u00bb rt_bg_position=\u00a0\u00bbright top\u00a0\u00bb rt_bg_attachment=\u00a0\u00bbscroll\u00a0\u00bb][vc_column_text]Les r\u00e8gles de la couverture m\u00e9diatique pendant la p\u00e9riode \u00e9lectorale l\u00e9gislative conform\u00e9ment \u00e0 la loi \u00e9lectorale et aux textes r\u00e9glementaires.[\/vc_column_text][vc_single_image image=\u00a0\u00bb6542&Prime; img_size=\u00a0\u00bbfull\u00a0\u00bb][\/vc_column][\/vc_row]<\/p>\n","protected":false},"author":1,"featured_media":5726,"comment_status":"open","ping_status":"open","sticky":false,"template":"","format":"standard","meta":[],"categories":[142,144],"tags":[],"yoast_head":"<!-- This site is optimized with the Yoast SEO plugin v16.4 - https:\/\/yoast.com\/wordpress\/plugins\/seo\/ -->\n<title>Couverture m\u00e9diatique : guide de bonnes pratiques - HAICA<\/title>\n<meta name=\"robots\" content=\"index, follow, max-snippet:-1, max-image-preview:large, max-video-preview:-1\" \/>\n<link rel=\"canonical\" href=\"https:\/\/haica.tn\/fr\/couverture-mediatique-guide-de-bonnes-pratiques\/\" \/>\n<meta property=\"og:locale\" content=\"fr_FR\" \/>\n<meta property=\"og:type\" content=\"article\" \/>\n<meta property=\"og:title\" content=\"Couverture m\u00e9diatique : guide de bonnes pratiques - HAICA\" \/>\n<meta property=\"og:description\" content=\"[vc_row rt_row_background_width=\u00a0\u00bbfullwidth\u00a0\u00bb rt_row_content_width=\u00a0\u00bbdefault\u00a0\u00bb rt_row_style=\u00a0\u00bbdefault-style\u00a0\u00bb rt_row_height=\u00a0\u00bb\u00a0\u00bb rt_column_gaps=\u00a0\u00bb\u00a0\u00bb rt_row_shadows=\u00a0\u00bb\u00a0\u00bb rt_row_borders=\u00a0\u00bb\u00a0\u00bb rt_bg_effect=\u00a0\u00bbclassic\u00a0\u00bb rt_bg_image_repeat=\u00a0\u00bbrepeat\u00a0\u00bb rt_bg_size=\u00a0\u00bbcover\u00a0\u00bb rt_bg_position=\u00a0\u00bbright top\u00a0\u00bb rt_bg_attachment=\u00a0\u00bbscroll\u00a0\u00bb rt_bg_layer=\u00a0\u00bb\u00a0\u00bb rt_bg_video_format=\u00a0\u00bbself-hosted\u00a0\u00bb][vc_column rt_bg_effect=\u00a0\u00bbclassic\u00a0\u00bb rt_bg_image_repeat=\u00a0\u00bbrepeat\u00a0\u00bb rt_bg_size=\u00a0\u00bbauto auto\u00a0\u00bb rt_bg_position=\u00a0\u00bbright top\u00a0\u00bb rt_bg_attachment=\u00a0\u00bbscroll\u00a0\u00bb][vc_column_text]Les r\u00e8gles de la couverture m\u00e9diatique pendant la p\u00e9riode \u00e9lectorale l\u00e9gislative conform\u00e9ment \u00e0 la loi \u00e9lectorale et aux textes r\u00e9glementaires.[\/vc_column_text][vc_single_image image=\u00a0\u00bb6542&Prime; img_size=\u00a0\u00bbfull\u00a0\u00bb][\/vc_column][\/vc_row]\" \/>\n<meta property=\"og:url\" content=\"https:\/\/haica.tn\/fr\/couverture-mediatique-guide-de-bonnes-pratiques\/\" \/>\n<meta property=\"og:site_name\" content=\"HAICA\" \/>\n<meta property=\"article:published_time\" content=\"2014-05-05T07:33:16+00:00\" \/>\n<meta property=\"article:modified_time\" content=\"2020-05-07T12:56:16+00:00\" \/>\n<meta property=\"og:image\" content=\"https:\/\/dev.wd.tn\/haica\/wp-content\/uploads\/2019\/12\/logo-FR-1.png\" \/>\n\t<meta property=\"og:image:width\" content=\"800\" \/>\n\t<meta property=\"og:image:height\" content=\"493\" \/>\n<meta name=\"twitter:card\" content=\"summary_large_image\" \/>\n<meta name=\"twitter:label1\" content=\"Dur\u00e9e de lecture est.\" \/>\n\t<meta name=\"twitter:data1\" content=\"1 minute\" \/>\n<script type=\"application\/ld+json\" class=\"yoast-schema-graph\">{\"@context\":\"https:\/\/schema.org\",\"@graph\":[{\"@type\":\"WebSite\",\"@id\":\"https:\/\/haica.tn\/ar\/#website\",\"url\":\"https:\/\/haica.tn\/ar\/\",\"name\":\"HAICA\",\"description\":\"R\\u00e9gulateur de la communication audiovisuelle en Tunisie\",\"potentialAction\":[{\"@type\":\"SearchAction\",\"target\":\"https:\/\/haica.tn\/ar\/?s={search_term_string}\",\"query-input\":\"required name=search_term_string\"}],\"inLanguage\":\"fr-FR\"},{\"@type\":\"ImageObject\",\"@id\":\"https:\/\/haica.tn\/fr\/couverture-mediatique-guide-de-bonnes-pratiques\/#primaryimage\",\"inLanguage\":\"fr-FR\",\"url\":\"https:\/\/haica.tn\/wp-content\/uploads\/2019\/12\/logo-FR-1.png\",\"contentUrl\":\"https:\/\/haica.tn\/wp-content\/uploads\/2019\/12\/logo-FR-1.png\",\"width\":800,\"height\":493},{\"@type\":\"WebPage\",\"@id\":\"https:\/\/haica.tn\/fr\/couverture-mediatique-guide-de-bonnes-pratiques\/#webpage\",\"url\":\"https:\/\/haica.tn\/fr\/couverture-mediatique-guide-de-bonnes-pratiques\/\",\"name\":\"Couverture m\\u00e9diatique : guide de bonnes pratiques - HAICA\",\"isPartOf\":{\"@id\":\"https:\/\/haica.tn\/ar\/#website\"},\"primaryImageOfPage\":{\"@id\":\"https:\/\/haica.tn\/fr\/couverture-mediatique-guide-de-bonnes-pratiques\/#primaryimage\"},\"datePublished\":\"2014-05-05T07:33:16+00:00\",\"dateModified\":\"2020-05-07T12:56:16+00:00\",\"author\":{\"@id\":\"https:\/\/haica.tn\/ar\/#\/schema\/person\/8fb538532cc2f10f94eae8461e815fdc\"},\"breadcrumb\":{\"@id\":\"https:\/\/haica.tn\/fr\/couverture-mediatique-guide-de-bonnes-pratiques\/#breadcrumb\"},\"inLanguage\":\"fr-FR\",\"potentialAction\":[{\"@type\":\"ReadAction\",\"target\":[\"https:\/\/haica.tn\/fr\/couverture-mediatique-guide-de-bonnes-pratiques\/\"]}]},{\"@type\":\"BreadcrumbList\",\"@id\":\"https:\/\/haica.tn\/fr\/couverture-mediatique-guide-de-bonnes-pratiques\/#breadcrumb\",\"itemListElement\":[{\"@type\":\"ListItem\",\"position\":1,\"item\":{\"@type\":\"WebPage\",\"@id\":\"https:\/\/haica.tn\/fr\/\",\"url\":\"https:\/\/haica.tn\/fr\/\",\"name\":\"Accueil\"}},{\"@type\":\"ListItem\",\"position\":2,\"item\":{\"@id\":\"https:\/\/haica.tn\/fr\/couverture-mediatique-guide-de-bonnes-pratiques\/#webpage\"}}]},{\"@type\":\"Person\",\"@id\":\"https:\/\/haica.tn\/ar\/#\/schema\/person\/8fb538532cc2f10f94eae8461e815fdc\",\"name\":\"admin\",\"image\":{\"@type\":\"ImageObject\",\"@id\":\"https:\/\/haica.tn\/ar\/#personlogo\",\"inLanguage\":\"fr-FR\",\"url\":\"https:\/\/secure.gravatar.com\/avatar\/1ee0d8f9a431f67d7bdc7a9c55b36c54?s=96&d=mm&r=g\",\"contentUrl\":\"https:\/\/secure.gravatar.com\/avatar\/1ee0d8f9a431f67d7bdc7a9c55b36c54?s=96&d=mm&r=g\",\"caption\":\"admin\"},\"url\":\"https:\/\/haica.tn\/fr\/author\/admin\/\"}]}<\/script>\n<!-- \/ Yoast SEO plugin. -->","_links":{"self":[{"href":"https:\/\/haica.tn\/fr\/wp-json\/wp\/v2\/posts\/7251"}],"collection":[{"href":"https:\/\/haica.tn\/fr\/wp-json\/wp\/v2\/posts"}],"about":[{"href":"https:\/\/haica.tn\/fr\/wp-json\/wp\/v2\/types\/post"}],"author":[{"embeddable":true,"href":"https:\/\/haica.tn\/fr\/wp-json\/wp\/v2\/users\/1"}],"replies":[{"embeddable":true,"href":"https:\/\/haica.tn\/fr\/wp-json\/wp\/v2\/comments?post=7251"}],"version-history":[{"count":3,"href":"https:\/\/haica.tn\/fr\/wp-json\/wp\/v2\/posts\/7251\/revisions"}],"predecessor-version":[{"id":7254,"href":"https:\/\/haica.tn\/fr\/wp-json\/wp\/v2\/posts\/7251\/revisions\/7254"}],"wp:featuredmedia":[{"embeddable":true,"href":"https:\/\/haica.tn\/fr\/wp-json\/wp\/v2\/media\/5726"}],"wp:attachment":[{"href":"https:\/\/haica.tn\/fr\/wp-json\/wp\/v2\/media?parent=7251"}],"wp:term":[{"taxonomy":"category","embeddable":true,"href":"https:\/\/haica.tn\/fr\/wp-json\/wp\/v2\/categories?post=7251"},{"taxonomy":"post_tag","embeddable":true,"href":"https:\/\/haica.tn\/fr\/wp-json\/wp\/v2\/tags?post=7251"}],"curies":[{"name":"wp","href":"https:\/\/api.w.org\/{rel}","templated":true}]}}