{"id":7545,"date":"2020-03-31T14:08:50","date_gmt":"2020-03-31T12:08:50","guid":{"rendered":"https:\/\/haica.tn\/?p=7545"},"modified":"2020-07-14T11:44:33","modified_gmt":"2020-07-14T09:44:33","slug":"suspension-de-lemission-lkolna-tounes-pendant-trois-mois","status":"publish","type":"post","link":"https:\/\/haica.tn\/fr\/suspension-de-lemission-lkolna-tounes-pendant-trois-mois\/","title":{"rendered":"Suspension de l\u2019\u00e9mission  Lkolna Tounes  pendant trois mois"},"content":{"rendered":"<p>[vc_row rt_row_background_width=\u00a0\u00bbfullwidth\u00a0\u00bb rt_row_content_width=\u00a0\u00bbdefault\u00a0\u00bb rt_row_style=\u00a0\u00bbdefault-style\u00a0\u00bb rt_row_height=\u00a0\u00bb\u00a0\u00bb rt_column_gaps=\u00a0\u00bb\u00a0\u00bb rt_row_shadows=\u00a0\u00bb\u00a0\u00bb rt_row_borders=\u00a0\u00bb\u00a0\u00bb rt_bg_effect=\u00a0\u00bbclassic\u00a0\u00bb rt_bg_image_repeat=\u00a0\u00bbrepeat\u00a0\u00bb rt_bg_size=\u00a0\u00bbcover\u00a0\u00bb rt_bg_position=\u00a0\u00bbright top\u00a0\u00bb rt_bg_attachment=\u00a0\u00bbscroll\u00a0\u00bb rt_bg_layer=\u00a0\u00bb\u00a0\u00bb rt_bg_video_format=\u00a0\u00bbself-hosted\u00a0\u00bb][vc_column rt_bg_effect=\u00a0\u00bbclassic\u00a0\u00bb rt_bg_image_repeat=\u00a0\u00bbrepeat\u00a0\u00bb rt_bg_size=\u00a0\u00bbauto auto\u00a0\u00bb rt_bg_position=\u00a0\u00bbright top\u00a0\u00bb rt_bg_attachment=\u00a0\u00bbscroll\u00a0\u00bb][vc_column_text]Le pr\u00e9sident de la Haute Autorit\u00e9 Ind\u00e9pendante de la Communication Audiovisuelle (Haica), Nouri Lajmi, a d\u00e9cid\u00e9 samedi l\u2019arr\u00eat imm\u00e9diat de l\u2019\u00e9mission \u00ab Lkolna Tounes \u00bb, diffus\u00e9 sur la cha\u00eene priv\u00e9e \u00ab Attessia \u00bb, pour une dur\u00e9e de trois mois. Il est, \u00e9galement, question d\u2019examiner le dossier relatif \u00e0 ce programme par le conseil de l\u2019instance.<br \/>\nDans un communiqu\u00e9 rendu public samedi par l\u2019Instance de r\u00e9gulation de l\u2019audiovisuel, Nouri Lajmi a d\u00e9cid\u00e9, \u00e9galement, de retirer l\u2019\u00e9pisode diffus\u00e9e vendredi soir dudit programme objet d\u2019infraction, et ce, du site \u00e9lectronique officiel de la cha\u00eene et de toutes ses pages sur les r\u00e9seaux sociaux.<\/p>\n<p>Il a \u00e9t\u00e9 d\u00e9cid\u00e9 aussi d\u2019interdire toute nouvelle diffusion ou utilisation partielle de l\u2019\u00e9pisode en question.<\/p>\n<p>Le pr\u00e9sident de la Haica a pr\u00e9cis\u00e9 que sa d\u00e9cision s\u2019explique par le fait que le contenu de l\u2019\u00e9mission \u00ab Lkolna Tounes \u00bb manifestait un manque de respect de la dignit\u00e9 humaine et de la vie priv\u00e9e.<\/p>\n<p>Lajmi estime, en outre, que le contenu est contraire \u00e0 la d\u00e9ontologie de la profession et \u00e0 ses principes de base au regard du d\u00e9passement du droit des citoyens \u00e0 ne pas se faire filmer sans leur permission et des propos offensants prof\u00e9r\u00e9s par la correspondante de la cha\u00eene envers les citoyens pr\u00e9sents dans le centre de confinement sanitaire de Chott Meriem (Gouvernorat de Sousse).<\/p>\n<p>De son c\u00f4t\u00e9, la soci\u00e9t\u00e9 de production \u00ab Cactus Prod \u00bb, en charge du programme \u00ab Lkolna Tounes \u00bb, a pr\u00e9sent\u00e9 ses excuses pour les propos tenus par la correspondante de la cha\u00eene lors du direct assur\u00e9 \u00e0 partir du centre de confinement sanitaire \u00e0 Chott Meriem dans le cadre du programme diffus\u00e9 vendredi soir par la cha\u00eene Attessia.<\/p>\n<p>Dans une d\u00e9claration rendue publique samedi, Cactus Prod a adress\u00e9 ses excuses aux t\u00e9l\u00e9spectateurs, au ministre de la Sant\u00e9 et \u00e0 tous les fonctionnaires et cadres du minist\u00e8re de la Sant\u00e9, ainsi qu\u2019aux citoyens pr\u00e9sents dans le centre de confinement.<\/p>\n<p>\u00ab Cactus prod \u00bb qui produit cette \u00e9mission au niveau de la pr\u00e9paration et de la pr\u00e9sentation dans le cadre de son contrat de partenariat avec la cha\u00eene Attessia TV, s\u2019est engag\u00e9 \u00e0 prendre toutes les mesures disciplinaires n\u00e9cessaires envers les fautifs \u00e0 leur faire assumer la responsabilit\u00e9 totale de ce qui s\u2019est pass\u00e9 dans l\u2019\u00e9mission du vendredi soir.[\/vc_column_text][\/vc_column][\/vc_row]<\/p>\n","protected":false},"excerpt":{"rendered":"<p>[vc_row rt_row_background_width=\u00a0\u00bbfullwidth\u00a0\u00bb rt_row_content_width=\u00a0\u00bbdefault\u00a0\u00bb rt_row_style=\u00a0\u00bbdefault-style\u00a0\u00bb rt_row_height=\u00a0\u00bb\u00a0\u00bb rt_column_gaps=\u00a0\u00bb\u00a0\u00bb rt_row_shadows=\u00a0\u00bb\u00a0\u00bb rt_row_borders=\u00a0\u00bb\u00a0\u00bb rt_bg_effect=\u00a0\u00bbclassic\u00a0\u00bb rt_bg_image_repeat=\u00a0\u00bbrepeat\u00a0\u00bb rt_bg_size=\u00a0\u00bbcover\u00a0\u00bb rt_bg_position=\u00a0\u00bbright top\u00a0\u00bb rt_bg_attachment=\u00a0\u00bbscroll\u00a0\u00bb rt_bg_layer=\u00a0\u00bb\u00a0\u00bb rt_bg_video_format=\u00a0\u00bbself-hosted\u00a0\u00bb][vc_column rt_bg_effect=\u00a0\u00bbclassic\u00a0\u00bb rt_bg_image_repeat=\u00a0\u00bbrepeat\u00a0\u00bb rt_bg_size=\u00a0\u00bbauto auto\u00a0\u00bb rt_bg_position=\u00a0\u00bbright top\u00a0\u00bb rt_bg_attachment=\u00a0\u00bbscroll\u00a0\u00bb][vc_column_text]Le pr\u00e9sident de la Haute Autorit\u00e9 Ind\u00e9pendante de la Communication Audiovisuelle (Haica), Nouri Lajmi, a d\u00e9cid\u00e9 samedi l\u2019arr\u00eat imm\u00e9diat de l\u2019\u00e9mission \u00ab Lkolna Tounes \u00bb, diffus\u00e9 sur la cha\u00eene priv\u00e9e \u00ab Attessia \u00bb, [&hellip;]<\/p>\n","protected":false},"author":1,"featured_media":5726,"comment_status":"open","ping_status":"open","sticky":false,"template":"","format":"standard","meta":[],"categories":[72],"tags":[],"yoast_head":"<!-- This site is optimized with the Yoast SEO plugin v16.4 - https:\/\/yoast.com\/wordpress\/plugins\/seo\/ -->\n<title>Suspension de l\u2019\u00e9mission Lkolna Tounes pendant trois mois - HAICA<\/title>\n<meta name=\"robots\" content=\"index, follow, max-snippet:-1, max-image-preview:large, max-video-preview:-1\" \/>\n<link rel=\"canonical\" href=\"https:\/\/haica.tn\/fr\/suspension-de-lemission-lkolna-tounes-pendant-trois-mois\/\" \/>\n<meta property=\"og:locale\" content=\"fr_FR\" \/>\n<meta property=\"og:type\" content=\"article\" \/>\n<meta property=\"og:title\" content=\"Suspension de l\u2019\u00e9mission Lkolna Tounes pendant trois mois - HAICA\" \/>\n<meta property=\"og:description\" content=\"[vc_row rt_row_background_width=\u00a0\u00bbfullwidth\u00a0\u00bb rt_row_content_width=\u00a0\u00bbdefault\u00a0\u00bb rt_row_style=\u00a0\u00bbdefault-style\u00a0\u00bb rt_row_height=\u00a0\u00bb\u00a0\u00bb rt_column_gaps=\u00a0\u00bb\u00a0\u00bb rt_row_shadows=\u00a0\u00bb\u00a0\u00bb rt_row_borders=\u00a0\u00bb\u00a0\u00bb rt_bg_effect=\u00a0\u00bbclassic\u00a0\u00bb rt_bg_image_repeat=\u00a0\u00bbrepeat\u00a0\u00bb rt_bg_size=\u00a0\u00bbcover\u00a0\u00bb rt_bg_position=\u00a0\u00bbright top\u00a0\u00bb rt_bg_attachment=\u00a0\u00bbscroll\u00a0\u00bb rt_bg_layer=\u00a0\u00bb\u00a0\u00bb rt_bg_video_format=\u00a0\u00bbself-hosted\u00a0\u00bb][vc_column rt_bg_effect=\u00a0\u00bbclassic\u00a0\u00bb rt_bg_image_repeat=\u00a0\u00bbrepeat\u00a0\u00bb rt_bg_size=\u00a0\u00bbauto auto\u00a0\u00bb rt_bg_position=\u00a0\u00bbright top\u00a0\u00bb rt_bg_attachment=\u00a0\u00bbscroll\u00a0\u00bb][vc_column_text]Le pr\u00e9sident de la Haute Autorit\u00e9 Ind\u00e9pendante de la Communication Audiovisuelle (Haica), Nouri Lajmi, a d\u00e9cid\u00e9 samedi l\u2019arr\u00eat imm\u00e9diat de l\u2019\u00e9mission \u00ab Lkolna Tounes \u00bb, diffus\u00e9 sur la cha\u00eene priv\u00e9e \u00ab Attessia \u00bb, [&hellip;]\" \/>\n<meta property=\"og:url\" content=\"https:\/\/haica.tn\/fr\/suspension-de-lemission-lkolna-tounes-pendant-trois-mois\/\" \/>\n<meta property=\"og:site_name\" content=\"HAICA\" \/>\n<meta property=\"article:published_time\" content=\"2020-03-31T12:08:50+00:00\" \/>\n<meta property=\"article:modified_time\" content=\"2020-07-14T09:44:33+00:00\" \/>\n<meta property=\"og:image\" content=\"https:\/\/dev.wd.tn\/haica\/wp-content\/uploads\/2019\/12\/logo-FR-1.png\" \/>\n\t<meta property=\"og:image:width\" content=\"800\" \/>\n\t<meta property=\"og:image:height\" content=\"493\" \/>\n<meta name=\"twitter:card\" content=\"summary_large_image\" \/>\n<meta name=\"twitter:label1\" content=\"Dur\u00e9e de lecture est.\" \/>\n\t<meta name=\"twitter:data1\" content=\"3 minutes\" \/>\n<script type=\"application\/ld+json\" class=\"yoast-schema-graph\">{\"@context\":\"https:\/\/schema.org\",\"@graph\":[{\"@type\":\"WebSite\",\"@id\":\"https:\/\/haica.tn\/ar\/#website\",\"url\":\"https:\/\/haica.tn\/ar\/\",\"name\":\"HAICA\",\"description\":\"R\\u00e9gulateur de la communication audiovisuelle en Tunisie\",\"potentialAction\":[{\"@type\":\"SearchAction\",\"target\":\"https:\/\/haica.tn\/ar\/?s={search_term_string}\",\"query-input\":\"required name=search_term_string\"}],\"inLanguage\":\"fr-FR\"},{\"@type\":\"ImageObject\",\"@id\":\"https:\/\/haica.tn\/fr\/suspension-de-lemission-lkolna-tounes-pendant-trois-mois\/#primaryimage\",\"inLanguage\":\"fr-FR\",\"url\":\"https:\/\/haica.tn\/wp-content\/uploads\/2019\/12\/logo-FR-1.png\",\"contentUrl\":\"https:\/\/haica.tn\/wp-content\/uploads\/2019\/12\/logo-FR-1.png\",\"width\":800,\"height\":493},{\"@type\":\"WebPage\",\"@id\":\"https:\/\/haica.tn\/fr\/suspension-de-lemission-lkolna-tounes-pendant-trois-mois\/#webpage\",\"url\":\"https:\/\/haica.tn\/fr\/suspension-de-lemission-lkolna-tounes-pendant-trois-mois\/\",\"name\":\"Suspension de l\\u2019\\u00e9mission Lkolna Tounes pendant trois mois - HAICA\",\"isPartOf\":{\"@id\":\"https:\/\/haica.tn\/ar\/#website\"},\"primaryImageOfPage\":{\"@id\":\"https:\/\/haica.tn\/fr\/suspension-de-lemission-lkolna-tounes-pendant-trois-mois\/#primaryimage\"},\"datePublished\":\"2020-03-31T12:08:50+00:00\",\"dateModified\":\"2020-07-14T09:44:33+00:00\",\"author\":{\"@id\":\"https:\/\/haica.tn\/ar\/#\/schema\/person\/8fb538532cc2f10f94eae8461e815fdc\"},\"breadcrumb\":{\"@id\":\"https:\/\/haica.tn\/fr\/suspension-de-lemission-lkolna-tounes-pendant-trois-mois\/#breadcrumb\"},\"inLanguage\":\"fr-FR\",\"potentialAction\":[{\"@type\":\"ReadAction\",\"target\":[\"https:\/\/haica.tn\/fr\/suspension-de-lemission-lkolna-tounes-pendant-trois-mois\/\"]}]},{\"@type\":\"BreadcrumbList\",\"@id\":\"https:\/\/haica.tn\/fr\/suspension-de-lemission-lkolna-tounes-pendant-trois-mois\/#breadcrumb\",\"itemListElement\":[{\"@type\":\"ListItem\",\"position\":1,\"item\":{\"@type\":\"WebPage\",\"@id\":\"https:\/\/haica.tn\/fr\/\",\"url\":\"https:\/\/haica.tn\/fr\/\",\"name\":\"Accueil\"}},{\"@type\":\"ListItem\",\"position\":2,\"item\":{\"@id\":\"https:\/\/haica.tn\/fr\/suspension-de-lemission-lkolna-tounes-pendant-trois-mois\/#webpage\"}}]},{\"@type\":\"Person\",\"@id\":\"https:\/\/haica.tn\/ar\/#\/schema\/person\/8fb538532cc2f10f94eae8461e815fdc\",\"name\":\"admin\",\"image\":{\"@type\":\"ImageObject\",\"@id\":\"https:\/\/haica.tn\/ar\/#personlogo\",\"inLanguage\":\"fr-FR\",\"url\":\"https:\/\/secure.gravatar.com\/avatar\/1ee0d8f9a431f67d7bdc7a9c55b36c54?s=96&d=mm&r=g\",\"contentUrl\":\"https:\/\/secure.gravatar.com\/avatar\/1ee0d8f9a431f67d7bdc7a9c55b36c54?s=96&d=mm&r=g\",\"caption\":\"admin\"},\"url\":\"https:\/\/haica.tn\/fr\/author\/admin\/\"}]}<\/script>\n<!-- \/ Yoast SEO plugin. -->","_links":{"self":[{"href":"https:\/\/haica.tn\/fr\/wp-json\/wp\/v2\/posts\/7545"}],"collection":[{"href":"https:\/\/haica.tn\/fr\/wp-json\/wp\/v2\/posts"}],"about":[{"href":"https:\/\/haica.tn\/fr\/wp-json\/wp\/v2\/types\/post"}],"author":[{"embeddable":true,"href":"https:\/\/haica.tn\/fr\/wp-json\/wp\/v2\/users\/1"}],"replies":[{"embeddable":true,"href":"https:\/\/haica.tn\/fr\/wp-json\/wp\/v2\/comments?post=7545"}],"version-history":[{"count":4,"href":"https:\/\/haica.tn\/fr\/wp-json\/wp\/v2\/posts\/7545\/revisions"}],"predecessor-version":[{"id":11751,"href":"https:\/\/haica.tn\/fr\/wp-json\/wp\/v2\/posts\/7545\/revisions\/11751"}],"wp:featuredmedia":[{"embeddable":true,"href":"https:\/\/haica.tn\/fr\/wp-json\/wp\/v2\/media\/5726"}],"wp:attachment":[{"href":"https:\/\/haica.tn\/fr\/wp-json\/wp\/v2\/media?parent=7545"}],"wp:term":[{"taxonomy":"category","embeddable":true,"href":"https:\/\/haica.tn\/fr\/wp-json\/wp\/v2\/categories?post=7545"},{"taxonomy":"post_tag","embeddable":true,"href":"https:\/\/haica.tn\/fr\/wp-json\/wp\/v2\/tags?post=7545"}],"curies":[{"name":"wp","href":"https:\/\/api.w.org\/{rel}","templated":true}]}}